{"id":763,"date":"2020-05-18T10:49:15","date_gmt":"2020-05-18T08:49:15","guid":{"rendered":"https:\/\/nettsteder.regjeringen.no\/romanitater\/?p=763"},"modified":"2020-05-18T10:49:15","modified_gmt":"2020-05-18T08:49:15","slug":"kulturradet-inviterer-til-digitalt-infomote","status":"publish","type":"post","link":"https:\/\/nettsteder.regjeringen.no\/romanitater\/nyheter\/kulturradet-inviterer-til-digitalt-infomote\/","title":{"rendered":"Kulturr\u00e5det inviterer til digitalt infom\u00f8te"},"content":{"rendered":"<div class=\"text-wrap post-content clearfix\"><p>Les mer hos Kulturr\u00e5det: <a href=\"https:\/\/www.kulturradet.no\/kalender\/hendelse\/-\/20200520-informasjonsmote-om-den-kollektive-oppreisingen\">https:\/\/www.kulturradet.no\/kalender\/hendelse\/-\/20200520-informasjonsmote-om-den-kollektive-oppreisingen\u00a0<\/a><\/p>\n<p><a href=\"https:\/\/www.facebook.com\/events\/2706717756230046\/\">Facebook-lenke<\/a><\/p>\n<\/div>","protected":false},"excerpt":{"rendered":"<p>Kulturr\u00e5det inviterer til digitalt informasjonsm\u00f8te om den kollektive oppreisningen til romanifolket\/taterne 20. mai i \u00e5r. P\u00e5 m\u00f8tet f\u00e5r du vite &#8230;<\/p>\n","protected":false},"author":785,"featured_media":0,"comment_status":"closed","ping_status":"open","sticky":false,"template":"","format":"standard","meta":{"_acf_changed":false,"footnotes":""},"categories":[5],"tags":[],"class_list":["post-763","post","type-post","status-publish","format-standard","hentry","category-nyheter"],"acf":[],"language":"nb-NO","_links":{"self":[{"href":"https:\/\/nettsteder.regjeringen.no\/romanitater\/wp-json\/wp\/v2\/posts\/763","targetHints":{"allow":["GET"]}}],"collection":[{"href":"https:\/\/nettsteder.regjeringen.no\/romanitater\/wp-json\/wp\/v2\/posts"}],"about":[{"href":"https:\/\/nettsteder.regjeringen.no\/romanitater\/wp-json\/wp\/v2\/types\/post"}],"author":[{"embeddable":true,"href":"https:\/\/nettsteder.regjeringen.no\/romanitater\/wp-json\/wp\/v2\/users\/785"}],"replies":[{"embeddable":true,"href":"https:\/\/nettsteder.regjeringen.no\/romanitater\/wp-json\/wp\/v2\/comments?post=763"}],"version-history":[{"count":2,"href":"https:\/\/nettsteder.regjeringen.no\/romanitater\/wp-json\/wp\/v2\/posts\/763\/revisions"}],"predecessor-version":[{"id":767,"href":"https:\/\/nettsteder.regjeringen.no\/romanitater\/wp-json\/wp\/v2\/posts\/763\/revisions\/767"}],"wp:attachment":[{"href":"https:\/\/nettsteder.regjeringen.no\/romanitater\/wp-json\/wp\/v2\/media?parent=763"}],"wp:term":[{"taxonomy":"category","embeddable":true,"href":"https:\/\/nettsteder.regjeringen.no\/romanitater\/wp-json\/wp\/v2\/categories?post=763"},{"taxonomy":"post_tag","embeddable":true,"href":"https:\/\/nettsteder.regjeringen.no\/romanitater\/wp-json\/wp\/v2\/tags?post=763"}],"curies":[{"name":"wp","href":"https:\/\/api.w.org\/{rel}","templated":true}]}}