{"id":569,"date":"2018-09-13T12:37:31","date_gmt":"2018-09-13T10:37:31","guid":{"rendered":"https:\/\/nettsteder.regjeringen.no\/romanitater\/?p=569"},"modified":"2019-04-10T10:38:21","modified_gmt":"2019-04-10T08:38:21","slug":"forvaltningen-av-den-kollektive-oppreisningen-til-romanifolket-taterne-overfores-til-kulturradet","status":"publish","type":"post","link":"https:\/\/nettsteder.regjeringen.no\/romanitater\/nyheter\/forvaltningen-av-den-kollektive-oppreisningen-til-romanifolket-taterne-overfores-til-kulturradet\/","title":{"rendered":"Forvaltningen av den kollektive oppreisningen til romanifolket\/taterne overf\u00f8res til Kulturr\u00e5det"},"content":{"rendered":"<div class=\"text-wrap post-content clearfix\"><p>Gjennom referansegruppen som skal se p\u00e5 oppf\u00f8lging av NOU 2015: 7 <em>Assimilering og motstand<\/em> har det kommet flere forslag til hvordan den kollektive oppreisningen til romanifolket\/taterne kan forvaltes videre. Ett av forslagene som har kommet opp, og som flere i gruppen har st\u00f8ttet, er \u00e5 opprette en tilskuddsordning i Kulturr\u00e5det. Forslagene fra referansegruppen er presentert for politikerne flere ganger.<\/p>\n<p>Det er flere \u00e5rsaker til at statsr\u00e5dene har besluttet \u00e5 overf\u00f8re tilskuddsforvaltningen til Kulturr\u00e5det. En av dem er at vurderingene som ligger til grunn for fordelingen av tilskudd b\u00f8r gj\u00f8res at et uavhengig fagorgan med en viss avstand til de politiske myndighetene. Normalt blir derfor tilskuddsmidler av denne typen forvaltet av et underliggende fagorgan, og ikke av departementet.<\/p>\n<p>Kulturr\u00e5det er en stor og profesjonell tilskuddsforvalter, med b\u00e5de faglig og organisatorisk kompetanse som gj\u00f8r at de egner seg godt som forvalter av den nye tilskuddsordningen.<\/p>\n<p>Departementet skal fastsette regelverket for den nye tilskuddsordningen som forskrift. Et forslag til forskrift vil bli sendt p\u00e5 h\u00f8ring, slik at alle som \u00f8nsker det kan f\u00e5 si sin mening om hvordan ordningen skal utformes. Vi vil blant annet legge ut informasjon p\u00e5 denne nettsiden n\u00e5r h\u00f8ringen sendes ut.<\/p>\n<p>Det er viktig \u00e5 f\u00e5 p\u00e5 plass en ordning som gj\u00f8r det mulig \u00e5 realisere mange av de prosjektene som er nevnt i referansegruppen og av andre romanifolk\/tatere. Det er ogs\u00e5 viktig at romanifolket\/taterne blir involvert i arbeidet med den nye ordningen.<\/p>\n<p><a href=\"https:\/\/files.nettsteder.regjeringen.no\/wpuploads01\/blogs.dir\/261\/files\/2019\/04\/Tildelingsbrev-2019-Kulturr\u00e5det.pdf\">Tildelingsbrev 2019 &#8211; Kulturr\u00e5det<\/a> (PDF)<\/p>\n<\/div>","protected":false},"excerpt":{"rendered":"<p>Kommunal- og moderniseringsminister Monica M\u00e6land har sammen med kulturminister Trine Skei Grande bestemt at midlene p\u00e5 den kollektive oppreisningen til &#8230;<\/p>\n","protected":false},"author":785,"featured_media":0,"comment_status":"closed","ping_status":"open","sticky":false,"template":"","format":"standard","meta":{"_acf_changed":false,"footnotes":""},"categories":[5],"tags":[],"class_list":["post-569","post","type-post","status-publish","format-standard","hentry","category-nyheter"],"acf":[],"language":"nb-NO","_links":{"self":[{"href":"https:\/\/nettsteder.regjeringen.no\/romanitater\/wp-json\/wp\/v2\/posts\/569","targetHints":{"allow":["GET"]}}],"collection":[{"href":"https:\/\/nettsteder.regjeringen.no\/romanitater\/wp-json\/wp\/v2\/posts"}],"about":[{"href":"https:\/\/nettsteder.regjeringen.no\/romanitater\/wp-json\/wp\/v2\/types\/post"}],"author":[{"embeddable":true,"href":"https:\/\/nettsteder.regjeringen.no\/romanitater\/wp-json\/wp\/v2\/users\/785"}],"replies":[{"embeddable":true,"href":"https:\/\/nettsteder.regjeringen.no\/romanitater\/wp-json\/wp\/v2\/comments?post=569"}],"version-history":[{"count":6,"href":"https:\/\/nettsteder.regjeringen.no\/romanitater\/wp-json\/wp\/v2\/posts\/569\/revisions"}],"predecessor-version":[{"id":661,"href":"https:\/\/nettsteder.regjeringen.no\/romanitater\/wp-json\/wp\/v2\/posts\/569\/revisions\/661"}],"wp:attachment":[{"href":"https:\/\/nettsteder.regjeringen.no\/romanitater\/wp-json\/wp\/v2\/media?parent=569"}],"wp:term":[{"taxonomy":"category","embeddable":true,"href":"https:\/\/nettsteder.regjeringen.no\/romanitater\/wp-json\/wp\/v2\/categories?post=569"},{"taxonomy":"post_tag","embeddable":true,"href":"https:\/\/nettsteder.regjeringen.no\/romanitater\/wp-json\/wp\/v2\/tags?post=569"}],"curies":[{"name":"wp","href":"https:\/\/api.w.org\/{rel}","templated":true}]}}