{"id":168,"date":"2022-04-05T15:07:49","date_gmt":"2022-04-05T13:07:49","guid":{"rendered":"https:\/\/nettsteder.regjeringen.no\/folkehogskoleutvalget\/?p=168"},"modified":"2022-04-05T15:08:06","modified_gmt":"2022-04-05T13:08:06","slug":"mobbing-pa-folkehogskole","status":"publish","type":"post","link":"https:\/\/nettsteder.regjeringen.no\/folkehogskoleutvalget\/2022\/04\/05\/mobbing-pa-folkehogskole\/","title":{"rendered":"Mobbing p\u00e5 folkeh\u00f8gskole"},"content":{"rendered":"<div class=\"text-wrap post-content clearfix\"><p>Jeg gikk i fjor p\u00e5 folkeh\u00f8gskole, og forventet det alle sa, \u00abfolkeh\u00f8gskole er det beste \u00e5ret av livet ditt\u00bb. Dette var feil. Jeg ble mobbet ut av klassen min, og ingen l\u00e6rere gjorde noe med det. Jeg fikk ekstremt med frav\u00e6r, psyken min ble verre enn den var, og jeg hadde en innleggelse midt i skole\u00e5ret pga mobbingen. Det ble ikke tatt tak i f\u00f8r jeg nekta \u00e5 g\u00e5 i timene, da fikk jeg endelig bytte klasse.<\/p>\n<p>Det jeg vil fram til, er at MOBBING SKJER, til og med p\u00e5 folkeh\u00f8gskole. Det b\u00f8r legges st\u00f8rre vekt p\u00e5 \u00e5 se etter mobbing og unng\u00e5 det etter beste evne. L\u00e6rerne b\u00f8r bli l\u00e6rt opp i \u00e5 se etter tegn p\u00e5 mobbing, og ta tak om noen gir beskjed at de blir mobbet, eller om noen sier ifra: \u00abJeg tror NN blir mobbet\/ikke har det bra i klassen sin\u00bb. Folkeh\u00f8gskolen var det verste \u00e5ret av livet mitt ettersom ingen trodde p\u00e5 meg n\u00e5r jeg sa jeg ble mobbet. JEG fikk skylda for at JEG ble mobbet\u2026<\/p>\n<\/div>","protected":false},"excerpt":{"rendered":"<p>Mobbing p\u00e5 folkeh\u00f8gskole<\/p>\n","protected":false},"author":853,"featured_media":0,"comment_status":"closed","ping_status":"open","sticky":false,"template":"","format":"standard","meta":{"_acf_changed":false,"footnotes":""},"categories":[3],"tags":[],"class_list":["post-168","post","type-post","status-publish","format-standard","hentry","category-innlegg"],"acf":[],"language":"nb-NO","_links":{"self":[{"href":"https:\/\/nettsteder.regjeringen.no\/folkehogskoleutvalget\/wp-json\/wp\/v2\/posts\/168","targetHints":{"allow":["GET"]}}],"collection":[{"href":"https:\/\/nettsteder.regjeringen.no\/folkehogskoleutvalget\/wp-json\/wp\/v2\/posts"}],"about":[{"href":"https:\/\/nettsteder.regjeringen.no\/folkehogskoleutvalget\/wp-json\/wp\/v2\/types\/post"}],"author":[{"embeddable":true,"href":"https:\/\/nettsteder.regjeringen.no\/folkehogskoleutvalget\/wp-json\/wp\/v2\/users\/853"}],"replies":[{"embeddable":true,"href":"https:\/\/nettsteder.regjeringen.no\/folkehogskoleutvalget\/wp-json\/wp\/v2\/comments?post=168"}],"version-history":[{"count":3,"href":"https:\/\/nettsteder.regjeringen.no\/folkehogskoleutvalget\/wp-json\/wp\/v2\/posts\/168\/revisions"}],"predecessor-version":[{"id":171,"href":"https:\/\/nettsteder.regjeringen.no\/folkehogskoleutvalget\/wp-json\/wp\/v2\/posts\/168\/revisions\/171"}],"wp:attachment":[{"href":"https:\/\/nettsteder.regjeringen.no\/folkehogskoleutvalget\/wp-json\/wp\/v2\/media?parent=168"}],"wp:term":[{"taxonomy":"category","embeddable":true,"href":"https:\/\/nettsteder.regjeringen.no\/folkehogskoleutvalget\/wp-json\/wp\/v2\/categories?post=168"},{"taxonomy":"post_tag","embeddable":true,"href":"https:\/\/nettsteder.regjeringen.no\/folkehogskoleutvalget\/wp-json\/wp\/v2\/tags?post=168"}],"curies":[{"name":"wp","href":"https:\/\/api.w.org\/{rel}","templated":true}]}}