{"id":14,"date":"2021-08-26T14:40:14","date_gmt":"2021-08-26T12:40:14","guid":{"rendered":"https:\/\/nettsteder.regjeringen.no\/folkehogskoleutvalget\/?p=14"},"modified":"2021-10-08T11:47:01","modified_gmt":"2021-10-08T09:47:01","slug":"en-nyhet","status":"publish","type":"post","link":"https:\/\/nettsteder.regjeringen.no\/folkehogskoleutvalget\/2021\/08\/26\/en-nyhet\/","title":{"rendered":"Statsr\u00e5d Melby m\u00f8ter Folkeh\u00f8gskoleutvalget"},"content":{"rendered":"<div class=\"text-wrap post-content clearfix\"><figure id=\"attachment_72\" style=\"max-width: 300px;\" class=\"wp-caption alignnone size-medium\"><img loading=\"lazy\" decoding=\"async\" class=\" wp-image-72\" src=\"https:\/\/files.nettsteder.regjeringen.no\/wpuploads01\/sites\/478\/2021\/08\/Bilde-av-utvalget-020921-croppet-300x223.jpg\" alt=\"Folkeh\u00f8gskoleutvalget sammen med statsr\u00e5d Melby\" width=\"300\" height=\"223\" srcset=\"https:\/\/files.nettsteder.regjeringen.no\/wpuploads01\/sites\/478\/2021\/08\/Bilde-av-utvalget-020921-croppet-300x223.jpg 300w, https:\/\/files.nettsteder.regjeringen.no\/wpuploads01\/sites\/478\/2021\/08\/Bilde-av-utvalget-020921-croppet-1024x763.jpg 1024w, https:\/\/files.nettsteder.regjeringen.no\/wpuploads01\/sites\/478\/2021\/08\/Bilde-av-utvalget-020921-croppet-768x572.jpg 768w, https:\/\/files.nettsteder.regjeringen.no\/wpuploads01\/sites\/478\/2021\/08\/Bilde-av-utvalget-020921-croppet-1536x1144.jpg 1536w, https:\/\/files.nettsteder.regjeringen.no\/wpuploads01\/sites\/478\/2021\/08\/Bilde-av-utvalget-020921-croppet-2048x1526.jpg 2048w, https:\/\/files.nettsteder.regjeringen.no\/wpuploads01\/sites\/478\/2021\/08\/Bilde-av-utvalget-020921-croppet-335x250.jpg 335w, https:\/\/files.nettsteder.regjeringen.no\/wpuploads01\/sites\/478\/2021\/08\/Bilde-av-utvalget-020921-croppet-670x499.jpg 670w\" sizes=\"auto, (max-width: 300px) 100vw, 300px\" \/><figcaption class=\"wp-caption-text\">Folkeh\u00f8gskoleutvalget sammen med statsr\u00e5d Melby.<\/figcaption><div class=\"aria-controls-wrapper photo-credits-wrapper\" style=\"padding-top: 74.4921875%\"><div class=\"credits-description\" id=\"credits-description-zlvkp653\" tabindex=\"-1\" aria-labelledby=\"credits-description-zlvkp653_label\" aria-hidden=\"true\"><div class=\"photographer\">Foto: Dag Nestegard, Kunnskapsdepartementet<\/div><\/div><button type=\"button\" role=\"button\" aria-haspopup=\"true\" aria-expanded=\"false\" id=\"credits-description-zlvkp653_label\" aria-controls=\"credits-description-zlvkp653\" class=\"credits-toggle\"><span class=\"screen-reader-text\">\u00c5pen<\/span><\/button><\/div><\/figure>\n<p>For f\u00f8rste gang p\u00e5 20 \u00e5r skal et utvalg lage en utredning om folkeh\u00f8gskolene. \u2013 Vi ser at ungdom str\u00f8mmer til dette skoleslaget. Derfor vil vi vite mer om hvordan dette tilbudet skal v\u00e6re i \u00e5rene som kommer, sier kunnskaps- og integreringsminister Guri Melby (V) om arbeidet som n\u00e5 er i gang.<\/p>\n<p>F\u00f8rste torsdagen i september m\u00f8tte kunnskaps- og integreringsministerem utvalget som skal skrive den kommende NOU-en.<\/p>\n<p>Siden 2014 har regjeringen godkjent hele seks nye folkeh\u00f8gskoler; fra Svalbard i nord til Mandal i s\u00f8r &#8211; og den siste s\u00e5 langt p\u00e5 Stord. Derfor er det kanskje ikke s\u00e5 rart at \u00f8kningen i antall s\u00f8knader til folkeh\u00f8gskolene fortsetter. Vi snakker om n\u00e6rmere 8.000 elever i et normal\u00e5r.<\/p>\n<h3>Fri og uavhengig<\/h3>\n<p>Melby sa p\u00e5 m\u00f8tet med utvalget at folkeh\u00f8gskolene har en fri og uavhengig plass i utdanningssystemet. Hun la videre vekt p\u00e5 at folkeh\u00f8gskolene er eksamensfrie skoler, og at de har som m\u00e5lsetning \u00e5 fremme allmenndanning og gi folkeopplysning p\u00e5 ulike alders- og utdanningstrinn for \u00e5 utvikle hele mennesket.<\/p>\n<p>\u2013 Dette er s\u00e5 viktig at vi m\u00e5 ta vare p\u00e5, og videreutvikle denne m\u00e5ten \u00e5 drive skole p\u00e5, sa Melby. Samtidig la hun til at som for alle andre skoleslag trenger ogs\u00e5 folkeh\u00f8gskolen \u00e5 utvikle seg.<\/p>\n<p>\u2013 Det er for \u00e5 f\u00e5 en mer detaljert oversikt over behovene at regjeringen har satt ned utvalget som skal se p\u00e5 hele dette feltet, sa hun.<\/p>\n<h3>Betydningen for andre skoleslag<\/h3>\n<p>Kunnskapsministeren mener utvalgets kompetanse er viktig for \u00e5 vurdere hvordan man kan sikre et godt kunnskapsgrunnlag, og for \u00e5 kunne diskutere hva som kjennetegner god faglig kvalitet.<\/p>\n<p>\u2013 Jeg er sikkert ikke den eneste som lurer p\u00e5 hvilken betydning et folkeh\u00f8gskole\u00e5r kan ha \u00e5 si for gjennomf\u00f8ring av videre studier, men ogs\u00e5 for fullf\u00f8ring av videreg\u00e5ende oppl\u00e6ring.<\/p>\n<p>\u2013 Folkeh\u00f8gskolene byr ogs\u00e5 p\u00e5 et unikt sosialt fellesskap, hvor du f\u00e5r anledning til \u00e5 fordype deg i dine interesser, og f\u00e5 nye venner for livet, fra hele landet, sier Melby.<\/p>\n<p>Utvalget vil blant annet se p\u00e5 hva samfunnsoppdraget til folkeh\u00f8gskolene skal v\u00e6re, og hvilke rammevilk\u00e5r som m\u00e5 v\u00e6re p\u00e5 plass. Etter planen skal utvalget levere sin innstiling om ett \u00e5r.<\/p>\n<\/div>","protected":false},"excerpt":{"rendered":"<p>Torsdag 1. september var det duket for Folkeh\u00f8gskoleutvalgets f\u00f8rste m\u00f8te. Statsr\u00e5d Melby m\u00f8tte utvalget for \u00e5 gj\u00f8re rede for utvalgets &#8230;<\/p>\n","protected":false},"author":2877,"featured_media":0,"comment_status":"closed","ping_status":"open","sticky":false,"template":"","format":"standard","meta":{"_acf_changed":false,"footnotes":""},"categories":[1],"tags":[],"class_list":["post-14","post","type-post","status-publish","format-standard","hentry","category-nyheter"],"acf":[],"language":"nb-NO","_links":{"self":[{"href":"https:\/\/nettsteder.regjeringen.no\/folkehogskoleutvalget\/wp-json\/wp\/v2\/posts\/14","targetHints":{"allow":["GET"]}}],"collection":[{"href":"https:\/\/nettsteder.regjeringen.no\/folkehogskoleutvalget\/wp-json\/wp\/v2\/posts"}],"about":[{"href":"https:\/\/nettsteder.regjeringen.no\/folkehogskoleutvalget\/wp-json\/wp\/v2\/types\/post"}],"author":[{"embeddable":true,"href":"https:\/\/nettsteder.regjeringen.no\/folkehogskoleutvalget\/wp-json\/wp\/v2\/users\/2877"}],"replies":[{"embeddable":true,"href":"https:\/\/nettsteder.regjeringen.no\/folkehogskoleutvalget\/wp-json\/wp\/v2\/comments?post=14"}],"version-history":[{"count":3,"href":"https:\/\/nettsteder.regjeringen.no\/folkehogskoleutvalget\/wp-json\/wp\/v2\/posts\/14\/revisions"}],"predecessor-version":[{"id":73,"href":"https:\/\/nettsteder.regjeringen.no\/folkehogskoleutvalget\/wp-json\/wp\/v2\/posts\/14\/revisions\/73"}],"wp:attachment":[{"href":"https:\/\/nettsteder.regjeringen.no\/folkehogskoleutvalget\/wp-json\/wp\/v2\/media?parent=14"}],"wp:term":[{"taxonomy":"category","embeddable":true,"href":"https:\/\/nettsteder.regjeringen.no\/folkehogskoleutvalget\/wp-json\/wp\/v2\/categories?post=14"},{"taxonomy":"post_tag","embeddable":true,"href":"https:\/\/nettsteder.regjeringen.no\/folkehogskoleutvalget\/wp-json\/wp\/v2\/tags?post=14"}],"curies":[{"name":"wp","href":"https:\/\/api.w.org\/{rel}","templated":true}]}}