{"id":2825,"date":"2017-03-14T15:21:05","date_gmt":"2017-03-14T14:21:05","guid":{"rendered":"https:\/\/nettsteder.regjeringen.no\/bedrestyringogledelse\/?p=2825"},"modified":"2017-10-05T16:05:20","modified_gmt":"2017-10-05T14:05:20","slug":"hvordan-fa-en-god-kobling-mellom-lederlonnssystemet-og-etatsstyringen","status":"publish","type":"post","link":"https:\/\/nettsteder.regjeringen.no\/bedrestyringogledelse\/nyheter\/hvordan-fa-en-god-kobling-mellom-lederlonnssystemet-og-etatsstyringen\/","title":{"rendered":"Hvordan f\u00e5 en god kobling mellom lederl\u00f8nnssystemet og etatsstyringen?"},"content":{"rendered":"<div class=\"text-wrap post-content clearfix\"><p><strong>Det er viktig at de krav som stilles til lederen supplerer og utfyller m\u00e5lene i tildelingsbrevet, slik at lederoppf\u00f8lgningen og styringsdialogen i sum utgj\u00f8r en god helhet. Derfor har Kommunal- og moderniseringsdepartementet (KMD) i samr\u00e5d med Finansdepartementet (FIN) utviklet en veileder for bedre kobling mellom lederl\u00f8nnssystemet p\u00e5 den ene siden og etatsstyringen p\u00e5 den annen side. M\u00e5let er at det etableres en god praksis for prosessuell og innholdsmessig sammenheng mellom lederoppf\u00f8lgning og styringsdialog mellom departement og underliggende virksomhet, i tr\u00e5d med intensjonene i Program for bedre styring og ledelse i staten.<\/strong><\/p>\n<p>Virksomhetslederen har et helhetsansvar for virksomhetens leveranser og resultater, men det kan v\u00e6re vanskelig \u00e5 f\u00e5 til en <strong>innholdsmessig sammenheng<\/strong> mellom tildelingsbrevet, som ivaretar etatsstyring, og stillings- og resultatkravene i lederkontrakten, som prim\u00e6rt skal ivareta individuelle krav til lederen. Lederkontrakten b\u00f8r derfor ha en referanse til tildelingsbrevets samlede m\u00e5l- og resultatkrav, men fokusere p\u00e5 leders bidrag til virksomhetens resultatoppn\u00e5else og m\u00e5l hvor det er behov for ekstra lederoppmerksomhet.<\/p>\n<p>Det anbefales ogs\u00e5 \u00e5 etablere en <strong>prosessuell sammenheng<\/strong> mellom lederl\u00f8nnssystemet og etatsstyringen. En anbefalt m\u00e5te \u00e5 gj\u00f8re det p\u00e5 er \u00e5 avholde ledersamtalen i tilknytning til \u00e5rsrapporteringen. Tidspunktet for kontraktsamtalene b\u00f8r inn i styringskalenderen, som b\u00e5de b\u00f8r omfatte lederoppf\u00f8lgningen og etatsstyringen.<\/p>\n<p><a href=\"https:\/\/files.nettsteder.regjeringen.no\/wpuploads01\/blogs.dir\/90\/files\/2017\/03\/Veileder-lederl\u00f8nn-og-etatsstyring.png\"><img loading=\"lazy\" decoding=\"async\" class=\"alignnone wp-image-2823 size-full\" src=\"https:\/\/files.nettsteder.regjeringen.no\/wpuploads01\/blogs.dir\/90\/files\/2017\/03\/Veileder-lederl\u00f8nn-og-etatsstyring.png\" alt=\"\" width=\"429\" height=\"516\" srcset=\"https:\/\/files.nettsteder.regjeringen.no\/wpuploads01\/blogs.dir\/90\/files\/2017\/03\/Veileder-lederl\u00f8nn-og-etatsstyring.png 429w, https:\/\/files.nettsteder.regjeringen.no\/wpuploads01\/blogs.dir\/90\/files\/2017\/03\/Veileder-lederl\u00f8nn-og-etatsstyring-300x361.png 300w, https:\/\/files.nettsteder.regjeringen.no\/wpuploads01\/blogs.dir\/90\/files\/2017\/03\/Veileder-lederl\u00f8nn-og-etatsstyring-400x481.png 400w, https:\/\/files.nettsteder.regjeringen.no\/wpuploads01\/blogs.dir\/90\/files\/2017\/03\/Veileder-lederl\u00f8nn-og-etatsstyring-249x300.png 249w\" sizes=\"auto, (max-width: 429px) 100vw, 429px\" \/><\/a><\/p>\n<p><a href=\"https:\/\/www.regjeringen.no\/no\/dokumenter\/bruk-av-revidert-lederlonnsordning---narmere-kobling-til-etatsstyringen\/id2542272\/\" target=\"_blank\" rel=\"noopener\">Vil du lese veileder i bruk av revidert lederl\u00f8nnsordning \u2013 n\u00e6rmere kobling til etatsstyringen, klikk her.<\/a><\/p>\n<p><a href=\"https:\/\/www.regjeringen.no\/no\/tema\/arbeidsliv\/Statlig-arbeidsgiverpolitikk\/lonn-og-tariff-i-staten\/statens-lederlonnssystem\/id2353808\/\" target=\"_blank\" rel=\"noopener\">Vil du lese mer om statens lederl\u00f8nnssystem, klikk her.<\/a><\/p>\n<\/div>","protected":false},"excerpt":{"rendered":"<p>Det er viktig at de krav som stilles til lederen supplerer og utfyller m\u00e5lene i tildelingsbrevet, slik at lederoppf\u00f8lgningen og &#8230;<\/p>\n","protected":false},"author":391,"featured_media":0,"comment_status":"closed","ping_status":"open","sticky":false,"template":"","format":"standard","meta":{"_acf_changed":false,"footnotes":""},"categories":[3,4,1,17,7],"tags":[],"class_list":["post-2825","post","type-post","status-publish","format-standard","hentry","category-bedre-ledelse","category-bedre-styring","category-nyheter","category-skal-sendes-som-nyhetsbrev","category-tilbud-til-ledere"],"acf":[],"language":"nb-NO","_links":{"self":[{"href":"https:\/\/nettsteder.regjeringen.no\/bedrestyringogledelse\/wp-json\/wp\/v2\/posts\/2825","targetHints":{"allow":["GET"]}}],"collection":[{"href":"https:\/\/nettsteder.regjeringen.no\/bedrestyringogledelse\/wp-json\/wp\/v2\/posts"}],"about":[{"href":"https:\/\/nettsteder.regjeringen.no\/bedrestyringogledelse\/wp-json\/wp\/v2\/types\/post"}],"author":[{"embeddable":true,"href":"https:\/\/nettsteder.regjeringen.no\/bedrestyringogledelse\/wp-json\/wp\/v2\/users\/391"}],"replies":[{"embeddable":true,"href":"https:\/\/nettsteder.regjeringen.no\/bedrestyringogledelse\/wp-json\/wp\/v2\/comments?post=2825"}],"version-history":[{"count":6,"href":"https:\/\/nettsteder.regjeringen.no\/bedrestyringogledelse\/wp-json\/wp\/v2\/posts\/2825\/revisions"}],"predecessor-version":[{"id":3449,"href":"https:\/\/nettsteder.regjeringen.no\/bedrestyringogledelse\/wp-json\/wp\/v2\/posts\/2825\/revisions\/3449"}],"wp:attachment":[{"href":"https:\/\/nettsteder.regjeringen.no\/bedrestyringogledelse\/wp-json\/wp\/v2\/media?parent=2825"}],"wp:term":[{"taxonomy":"category","embeddable":true,"href":"https:\/\/nettsteder.regjeringen.no\/bedrestyringogledelse\/wp-json\/wp\/v2\/categories?post=2825"},{"taxonomy":"post_tag","embeddable":true,"href":"https:\/\/nettsteder.regjeringen.no\/bedrestyringogledelse\/wp-json\/wp\/v2\/tags?post=2825"}],"curies":[{"name":"wp","href":"https:\/\/api.w.org\/{rel}","templated":true}]}}